{"id":1619,"date":"2016-07-18T15:31:15","date_gmt":"2016-07-18T15:31:15","guid":{"rendered":"http:\/\/vedettseg.hu\/wordpress\/?p=681"},"modified":"2016-07-18T15:31:15","modified_gmt":"2016-07-18T15:31:15","slug":"sargalazoltas-2","status":"publish","type":"post","link":"http:\/\/vedettseg.hu\/wordpress\/tagok\/tagoknak\/2016\/07\/18\/sargalazoltas-2\/","title":{"rendered":"\u00c9letre sz\u00f3l\u00f3 v\u00e9delem egyetlen s\u00e1rgal\u00e1z olt\u00e1s ut\u00e1n"},"content":{"rendered":"<p><b>\u00c9letre sz\u00f3l\u00f3 v\u00e9delem egyetlen s\u00e1rgal\u00e1z olt\u00e1s ut\u00e1n<\/b><\/p>\n<p>Az Eg\u00e9szs\u00e9g\u00fcgyi Vil\u00e1gszervezet m\u00f3dos\u00edtotta a s\u00e1rgal\u00e1z elleni v\u00e9d\u0151olt\u00e1sokra vonatkoz\u00f3 aj\u00e1nl\u00e1st<\/p>\n<p>Az Orsz\u00e1gos Epidemiol\u00f3giai K\u00f6zpont az 2016. j\u00falius 8-\u00e1n megjelent Epinfo, Epidemiol\u00f3giai Inform\u00e1ci\u00f3s Hetilapban foglalta \u00f6ssze a v\u00e1ltoz\u00e1sokat.<\/p>\n<p>A s\u00e1rgal\u00e1z elleni v\u00e9d\u0151olt\u00e1s \u00e9rv\u00e9nyess\u00e9g\u00e9t eddig 10 \u00e9vente, egy eml\u00e9keztet\u0151 olt\u00e1ssal fel kellett friss\u00edteni. Mindezt pedig a nemzetk\u00f6zi olt\u00e1s bizony\u00edtv\u00e1nyban dokument\u00e1lni.<\/p>\n<p>A 2016. j\u00fanius 11-t\u0151l \u00e9rv\u00e9nybe l\u00e9p\u0151 v\u00e1ltoz\u00e1sok alapj\u00e1n a s\u00e1rgal\u00e1z elleni v\u00e9d\u0151olt\u00e1s egyetlen adagja \u00e9lethosszig tart\u00f3 v\u00e9delmet biztos\u00edt f\u00fcggetlen\u00fcl att\u00f3l, hogy mikor t\u00f6rt\u00e9nt az olt\u00e1s. Ezek ut\u00e1n a WHO tag\u00e1llamaiban nem lesz sz\u00fcks\u00e9g arra, hogy nemzetk\u00f6zi utaz\u00e1s kapcs\u00e1n eml\u00e9kezet\u0151 olt\u00e1st kapjon az a szem\u00e9ly, aki a m\u00faltban m\u00e1r kapott s\u00e1rgal\u00e1z elleni v\u00e9d\u0151olt\u00e1st \u00e9s err\u0151l megfelel\u0151 olt\u00e1si dokument\u00e1ci\u00f3val rendelkezik.<\/p>\n<p>A WHO V\u00e9d\u0151olt\u00e1si strat\u00e9giai Tan\u00e1csad\u00f3 Test\u00fclete a rendelkez\u00e9s\u00e9re \u00e1ll\u00f3 tudom\u00e1nyos eredm\u00e9nyek tette meg javaslat\u00e1t.<\/p>\n<p><span style=\"font-size: 10px;\">forr\u00e1s: Epinfo, 23. \u00e9vfolyam 25-26. sz\u00e1m, 2016. j\u00falius 8.<\/span><\/p>\n<p><span style=\"font-size: 10px;\"><a href=\"http:\/\/www.oek.hu\/oek.web?to=839&amp;nid=41&amp;pid=17&amp;lang=hun\">http:\/\/www.oek.hu\/oek.web?to=839&amp;nid=41&amp;pid=17&amp;lang=hun<\/a><\/span><\/p>\n<p><span style=\"font-size: 10px;\">k\u00e9p:\u00a0 A CDC \u00e1ltal \u00fczemeltetett Public Health Image Library (PHIL)<\/span><\/p>\n<p><span style=\"font-size: 10px;\"><a href=\"http:\/\/phil.cdc.gov\/phil\/details.asp\">http:\/\/phil.cdc.gov\/phil\/details.asp<\/a><\/span><\/p>\n","protected":false},"excerpt":{"rendered":"<p>\u00c9letre sz\u00f3l\u00f3 v\u00e9delem egyetlen s\u00e1rgal\u00e1z olt\u00e1s ut\u00e1n Az Eg\u00e9szs\u00e9g\u00fcgyi Vil\u00e1gszervezet m\u00f3dos\u00edtotta a s\u00e1rgal\u00e1z elleni v\u00e9d\u0151olt\u00e1sokra vonatkoz\u00f3 aj\u00e1nl\u00e1st Az Orsz\u00e1gos Epidemiol\u00f3giai K\u00f6zpont az 2016. j\u00falius 8-\u00e1n megjelent Epinfo, Epidemiol\u00f3giai Inform\u00e1ci\u00f3s Hetilapban foglalta \u00f6ssze a v\u00e1ltoz\u00e1sokat. A s\u00e1rgal\u00e1z elleni v\u00e9d\u0151olt\u00e1s \u00e9rv\u00e9nyess\u00e9g\u00e9t eddig 10 \u00e9vente, egy eml\u00e9keztet\u0151 olt\u00e1ssal fel kellett friss\u00edteni. Mindezt pedig a nemzetk\u00f6zi olt\u00e1s bizony\u00edtv\u00e1nyban dokument\u00e1lni. A 2016. j\u00fanius 11-t\u0151l \u00e9rv\u00e9nybe l\u00e9p\u0151 v\u00e1ltoz\u00e1sok alapj\u00e1n a s\u00e1rgal\u00e1z elleni v\u00e9d\u0151olt\u00e1s egyetlen adagja \u00e9lethosszig tart\u00f3 v\u00e9delmet biztos\u00edt f\u00fcggetlen\u00fcl att\u00f3l, hogy mikor t\u00f6rt\u00e9nt az olt\u00e1s. Ezek ut\u00e1n a WHO tag\u00e1llamaiban nem lesz sz\u00fcks\u00e9g arra, hogy nemzetk\u00f6zi utaz\u00e1s kapcs\u00e1n eml\u00e9kezet\u0151 olt\u00e1st kapjon az a szem\u00e9ly, aki a m\u00faltban m\u00e1r kapott s\u00e1rgal\u00e1z elleni v\u00e9d\u0151olt\u00e1st \u00e9s err\u0151l megfelel\u0151 olt\u00e1si dokument\u00e1ci\u00f3val rendelkezik. A WHO V\u00e9d\u0151olt\u00e1si strat\u00e9giai Tan\u00e1csad\u00f3 Test\u00fclete a rendelkez\u00e9s\u00e9re \u00e1ll\u00f3 tudom\u00e1nyos eredm\u00e9nyek tette meg javaslat\u00e1t. forr\u00e1s: Epinfo, 23. \u00e9vfolyam 25-26. sz\u00e1m, 2016. j\u00falius 8. http:\/\/www.oek.hu\/oek.web?to=839&amp;nid=41&amp;pid=17&amp;lang=hun k\u00e9p:\u00a0 A CDC \u00e1ltal \u00fczemeltetett Public Health Image Library (PHIL) http:\/\/phil.cdc.gov\/phil\/details.asp<\/p>\n","protected":false},"author":1,"featured_media":0,"comment_status":"open","ping_status":"open","sticky":false,"template":"","format":"standard","meta":{"_monsterinsights_skip_tracking":false,"_monsterinsights_sitenote_active":false,"_monsterinsights_sitenote_note":"","_monsterinsights_sitenote_category":0,"footnotes":""},"categories":[23],"tags":[],"class_list":["post-1619","post","type-post","status-publish","format-standard","hentry","category-legfrissebb-hireink"],"_links":{"self":[{"href":"http:\/\/vedettseg.hu\/wordpress\/wp-json\/wp\/v2\/posts\/1619","targetHints":{"allow":["GET"]}}],"collection":[{"href":"http:\/\/vedettseg.hu\/wordpress\/wp-json\/wp\/v2\/posts"}],"about":[{"href":"http:\/\/vedettseg.hu\/wordpress\/wp-json\/wp\/v2\/types\/post"}],"author":[{"embeddable":true,"href":"http:\/\/vedettseg.hu\/wordpress\/wp-json\/wp\/v2\/users\/1"}],"replies":[{"embeddable":true,"href":"http:\/\/vedettseg.hu\/wordpress\/wp-json\/wp\/v2\/comments?post=1619"}],"version-history":[{"count":0,"href":"http:\/\/vedettseg.hu\/wordpress\/wp-json\/wp\/v2\/posts\/1619\/revisions"}],"wp:attachment":[{"href":"http:\/\/vedettseg.hu\/wordpress\/wp-json\/wp\/v2\/media?parent=1619"}],"wp:term":[{"taxonomy":"category","embeddable":true,"href":"http:\/\/vedettseg.hu\/wordpress\/wp-json\/wp\/v2\/categories?post=1619"},{"taxonomy":"post_tag","embeddable":true,"href":"http:\/\/vedettseg.hu\/wordpress\/wp-json\/wp\/v2\/tags?post=1619"}],"curies":[{"name":"wp","href":"https:\/\/api.w.org\/{rel}","templated":true}]}}