{"id":689,"date":"2016-11-24T08:28:02","date_gmt":"2016-11-24T08:28:02","guid":{"rendered":"http:\/\/vedettseg.hu\/wordpress\/?p=689"},"modified":"2016-11-24T08:28:31","modified_gmt":"2016-11-24T08:28:31","slug":"igy-olod-meg-a-gyerekedet","status":"publish","type":"post","link":"http:\/\/vedettseg.hu\/wordpress\/tagok\/tagoknak\/2016\/11\/24\/igy-olod-meg-a-gyerekedet\/","title":{"rendered":"\u00cdgy \u00f6l\u00f6d meg a gyerekedet"},"content":{"rendered":"<div class=\"article-lead\">\n<p style=\"text-align: justify;\">Aki m\u00e1r l\u00e1tott egy\u00e9bk\u00e9nt eg\u00e9szs\u00e9ges gyereket gennyes agyh\u00e1rtyagyullad\u00e1sban szinte \u00f3r\u00e1k alatt meghalni, az nem fog gondolkodni azon a k\u00f6zkelet\u0171 t\u00e9vhiten, hogy a gyereke autista lehet az olt\u00e1sokt\u00f3l. Hasonl\u00f3an v\u00e9lekedhet az is, aki l\u00e1tott m\u00e1r embert vast\u00fcd\u0151ben, mert a poliomyelitis (polio) azaz a j\u00e1rv\u00e1nyos gyermekb\u00e9nul\u00e1s pontosan ezt okozhatja.<\/p>\n<\/div>\n<aside id=\"bertha\" class=\"dinamic-related\">\n<div class=\"related-inbox\">\n<div>Pedig vannak \u2013 ha szerencs\u00e9re nem is sokan (a t\u00e1rsadalom 1,5\u20132 sz\u00e1zal\u00e9ka) \u2013 olyan olt\u00e1sellenesek, akik \u00fagy hiszik, hogy az olt\u00e1sok m\u00f6g\u00f6tt a p\u00e9nz\u00e9hes h\u00e1tt\u00e9rhatalom b\u00fajik meg. \u00c9s most nagyon \u00fagy t\u0171nik, hogy orvosok is csatlakoztak az olt\u00e1sellenesek k\u00f6r\u00e9hez, hiszen a legut\u00f3bbi h\u00edrek szerint vannak olyan orvosok, akik olt\u00e1s n\u00e9lk\u00fcl \u2013 persze vaskos bor\u00edt\u00e9k ellen\u00e9ben \u2013 kiadj\u00e1k a kit\u00f6lt\u00f6tt olt\u00e1si k\u00f6nyvet. \u00cdgy t\u00e9ve lehet\u0151v\u00e9 a sz\u00fcl\u0151knek a b\u00fcntet\u00e9sek elker\u00fcl\u00e9s\u00e9t \u00e9s a gyerek felv\u00e9tel\u00e9t mindenfajta vegzat\u00fara n\u00e9lk\u00fcl a b\u00f6lcs\u0151d\u00e9be, \u00f3vod\u00e1ba, iskol\u00e1ba.<\/div>\n<div><\/div>\n<\/div>\n<\/aside>\n<div class=\"newpic middle zoom tested\" style=\"text-align: justify;\" data-maxwidth=\"7360\" data-maxheight=\"4912\">Az eg\u00e9sz olt\u00e1sellenes mozgalom a kilencvenes \u00e9vek v\u00e9g\u00e9n indult el, m\u00e9gpedig \u00fagy, hogy egy Andrew Wakefield nev\u0171 csal\u00f3, aki egy\u00e9bk\u00e9nt orvos, azt \u00e1ll\u00edtotta, hogy a k\u00f6telez\u0151 MMR (kanyar\u00f3, mumpsz, rubeola) vakcina autizmust okozhat. \u00c1ll\u00edt\u00e1s\u00e1t akkor egy igen tekint\u00e9lyes orvosi foly\u00f3irat (<em>The Lancet<\/em>) is lehozta. \u00cdgy indult el a h\u00e1tt\u00e9rhatalom elleni konte\u00f3 vil\u00e1g k\u00f6r\u00fcli \u00fatj\u00e1ra. Pedig a h\u00e1tt\u00e9rhatalom ez esetben Wakefield maga volt. Hiszen\u00a0<span class=\"p-mega\">egyr\u00e9szt hamis eredm\u00e9nyeket publik\u00e1lt, m\u00e1sr\u00e9szt mindezt \u00fagy tette, hogy k\u00f6zben a saj\u00e1t kanyar\u00f3vakcin\u00e1j\u00e1t k\u00e9sz\u00edtette el\u0151 elad\u00e1sra.\u00a0<\/span>R\u00e1ad\u00e1sul m\u00e9g jelent\u0151s p\u00e9nzt is elfogadott att\u00f3l az \u00fcgyv\u00e9di irod\u00e1t\u00f3l, amely az autista gyerekeket toborozta a publik\u00e1lt vizsg\u00e1lathoz egy k\u00e9s\u0151bb ind\u00edtand\u00f3 k\u00e1rt\u00e9r\u00edt\u00e9si per rem\u00e9ny\u00e9ben.<\/div>\n<p style=\"text-align: justify;\">Wakefield kreativit\u00e1s\u00e1t mi sem bizony\u00edtja jobban, mint hogy k\u00e9pes volt a saj\u00e1t gyerek\u00e9nek a sz\u00fclet\u00e9snapi partij\u00e1n a megh\u00edvott vend\u00e9g gyerekekt\u0151l fejenk\u00e9nt 5 font\u00e9rt v\u00e9rmint\u00e1kat gy\u0171jteni a m\u00e1r eml\u00edtett vizsg\u00e1lat\u00e1hoz, nyilv\u00e1n ezzel az\u00e9rt j\u00f3l sz\u00e9ttrollkodva a bulit. Persze\u00a0<span class=\"p-kiemelt\">k\u00e9s\u0151bb az eg\u00e9sz tudom\u00e1nyos vil\u00e1g elhat\u00e1rol\u00f3dott Wakefield publik\u00e1ci\u00f3j\u00e1t\u00f3l, \u00e9s a Lancet is beismerte hib\u00e1j\u00e1t.\u00a0<\/span>Wakefield pedig, miut\u00e1n Angli\u00e1ban kir\u00fagt\u00e1k az ottani orvosi kamar\u00e1b\u00f3l etik\u00e1tlan viselked\u00e9se miatt, Amerik\u00e1ba emigr\u00e1lt, ahol enged\u00e9ly n\u00e9lk\u00fcl praktiz\u00e1l, \u00e1ll\u00edt\u00f3lag jelenleg is.<\/p>\n<p style=\"text-align: justify;\">Ennek ellen\u00e9re sajnos a manipul\u00e1ci\u00f3ja mind a mai napig vel\u00fcnk \u00e9l, \u00e9s ennek k\u00f6sz\u00f6nhetj\u00fck azt az 1-2 sz\u00e1zal\u00e9knyi konte\u00f3h\u00edv\u0151t, akik szerint a k\u00f6telez\u0151 olt\u00e1sok nem m\u00e1s c\u00e9lt szolg\u00e1lnak, mint a gy\u00f3gyszeripar profitmaximaliz\u00e1l\u00e1s\u00e1t, mik\u00f6zben feleslegesen vesz\u00e9lyeztetik a gyerekeket, ak\u00e1r autizmust is okozva a felesleges v\u00e9d\u0151olt\u00e1ssal.<\/p>\n<p style=\"text-align: justify;\">Az igazs\u00e1g azonban az, hogy b\u00e1r m\u00e9g mindig nem tudjuk, hogy mi okozza az autizmust, azt\u00a0<span class=\"p-mega\">kiz\u00e1rhatjuk, hogy az MMR vakcina \u00e9s az autizmus kialakul\u00e1sa k\u00f6z\u00f6tt \u00f6sszef\u00fcgg\u00e9s lenne.\u00a0<\/span>Igen, persze meggy\u0151z\u0151 \u00e9rv lehetne, hogy az autist\u00e1k sz\u00e1ma \u00e9vr\u0151l \u00e9vre n\u00f6vekszik, \u00e9s ennek a v\u00e9d\u0151olt\u00e1sok az okai. Azonban az autist\u00e1k sz\u00e1ma olyan orsz\u00e1gokban is n\u00f6vekszik, ahol nem oltanak MMR vakcin\u00e1val, mint p\u00e9ld\u00e1ul Jap\u00e1nban. R\u00e1ad\u00e1sul az autist\u00e1k sz\u00e1m\u00e1nak n\u00f6veked\u00e9se m\u00f6g\u00f6tt az is \u00e1llhat, hogy az ut\u00f3bbi \u00e9vekben nagyon megv\u00e1ltoztak a diagnosztikus krit\u00e9riumok \u00e9s lehet\u0151s\u00e9gek is, valamint a sz\u00fcl\u0151k is egyre k\u00e9pzettebbek ebben a t\u00e9m\u00e1ban, \u00edgy val\u00f3sz\u00edn\u0171leg egyre finomabb m\u00f3dszerekkel ismeri fel az orvostudom\u00e1ny az autista gyerekeket, \u00e9s az eddig nem autistak\u00e9nt kezeltek is ebbe a csoportba ker\u00fclnek. Azaz a sz\u00e1mok emelked\u00e9se nem jelent val\u00f3s n\u00f6veked\u00e9st, csak jobb diagnosztik\u00e1t, t\u00f6bb felismer\u00e9st.<\/p>\n<p style=\"text-align: justify;\">A m\u00e1sik gyakori konte\u00f3 szerint a v\u00e9d\u0151olt\u00e1sok beavatkoznak az immunrendszer term\u00e9szetes m\u0171k\u00f6d\u00e9s\u00e9be. Nos, azoknak, akik \u00edgy gondolj\u00e1k, \u00fczenem, hogy az eg\u00e9sz orvostudom\u00e1ny ezt teszi: valamibe beleavatkozik az\u00e9rt, hogy az emberi \u00e9letet megny\u00fajtsa, vagy a szenved\u00e9seket cs\u00f6kkentse. Aki ezt a beavatkoz\u00e1st nehezm\u00e9nyezi, k\u00e9rem, sz\u00edveskedj\u00e9k meghalni egy t\u0171sz\u00far\u00e1st k\u00f6vet\u0151 v\u00e9rm\u00e9rgez\u00e9sben, \u00e9s a v\u00edrusos l\u00e9g\u00fati fert\u0151z\u00e9s\u00e9re se \u00edrasson fel antibiotikumot.<\/p>\n<p style=\"text-align: justify;\"><span class=\"p-mega\">Hogy a v\u00e9d\u0151olt\u00e1sokra sz\u00fcks\u00e9g\u00fcnk van, az nem k\u00e9rd\u00e9s.\u00a0<\/span>Azon lehet vitatkozni, hogy egy-egy orsz\u00e1gban mi a k\u00f6telez\u0151, de azon nem, hogy sz\u00fcks\u00e9gesek-e. Kev\u00e9s olyan helyzetet tudok elk\u00e9pzelni, ahol az egy\u00e9n szabads\u00e1gjogait jelent\u0151sen korl\u00e1tozni lehet, az egyik ilyen a j\u00e1rv\u00e1ny\u00fcgy. Ugyanis itt nemcsak az egy\u00e9nr\u0151l van sz\u00f3, hanem a t\u00e1gabb k\u00f6z\u00f6ss\u00e9g megv\u00e9d\u00e9s\u00e9r\u0151l is, \u00edgy itt ebben a helyzetben az egy\u00e9n szabads\u00e1ga al\u00e1 kell, hogy rendel\u0151dj\u00f6n a k\u00f6z\u00f6ss\u00e9g \u00e9rdek\u00e9nek. M\u00e1rpedig senki sem akar id\u0151 el\u0151tt meghalni. Ez\u00e9rt \u2013 mint a nev\u00e9ben is viccesen el van rejtve \u2013 k\u00f6telez\u0151 n\u00e9h\u00e1ny v\u00e9d\u0151olt\u00e1s. Ezzel\u00a0<span class=\"p-kiemelt\">nemcsak magunkat v\u00e9dj\u00fck a betegs\u00e9gekkel szemben, hanem az olyan t\u00e1rsainkat is, akik valamilyen okb\u00f3l kifoly\u00f3lag nem olthat\u00f3k,\u00a0<\/span>\u00edgy sebezhet\u0151ek (p\u00e9ld\u00e1ul allergi\u00e1sak az olt\u00f3anyagra, vagy m\u00e9g csecsem\u0151koruk miatt nem olthat\u00f3k).<\/p>\n<div class=\"goaWrap\" style=\"text-align: justify;\">\u00a0Komoly probl\u00e9ma akkor alakul ki, ha a t\u00e1rsadalom egy r\u00e9sze v\u00e9dtelenn\u00e9 v\u00e1lik az olt\u00e1sok elmarad\u00e1sa miatt a k\u00f3rokoz\u00f3kkal szemben. Mert akkor nyilv\u00e1nval\u00f3an azok, akik nem oltottak, j\u00f3 es\u00e9llyel meg is betegednek, egy r\u00e9sz\u00fck pedig meg is hal, mint p\u00e9ld\u00e1ul alig egy h\u00f3napja Rom\u00e1ni\u00e1ban, ahol h\u00e1rom kisgyerek halt meg kanyar\u00f3j\u00e1rv\u00e1nyban, ami az olt\u00e1selleness\u00e9g miatt t\u00f6rhetett ki. De a megbeteged\u00e9seket is valahogy kezelni kell majd, aminek v\u00e9g\u00fcl az lesz az eredm\u00e9nye, hogy elkezd\u0151dik az a rabl\u00f3-pand\u00far j\u00e1t\u00e9k, amit most is j\u00e1tszunk az antibiotikumok ter\u00e9n. Azaz egy bakt\u00e9riumfert\u0151z\u00e9sre kifejleszt\u00fcnk egy antibiotikumot, amire a bakt\u00e9rium kifejleszt egy, az \u00faj antibiotikumnak ellen\u00e1ll\u00f3 t\u00f6rzset, \u00e9s \u00edgy tov\u00e1bb, \u00e9s \u00edgy tov\u00e1bb. Egy biztos, hogy\u00a0<span class=\"p-kiemelt\">\u00edgy rengeteg olyan embert\u00e1rsunk fog meghalni \u2013 k\u00f6zt\u00fck gyerekek is \u2013, akiket meg lehetett volna menteni.\u00a0<\/span>Ez\u00e9rt ebben a helyzetben fontos a z\u00e9r\u00f3k\u00f6zeli tolerancia, \u00e9s a t\u00f6rekv\u00e9s a min\u00e9l teljesebb oltotts\u00e1g el\u00e9r\u00e9s\u00e9re, ak\u00e1r a m\u00e1r fent eml\u00edtett szabads\u00e1gjogok terh\u00e9re is.<\/div>\n<p style=\"text-align: justify;\">A WHO adatai szerint egy\u00e9bk\u00e9nt vil\u00e1gszerte azon orsz\u00e1gokban tombol szinte \u00e1lland\u00f3an kanyar\u00f3j\u00e1rv\u00e1ny, ahol az immuniz\u00e1l\u00e1s, azaz az \u00e1toltotts\u00e1g alacsony. Ha azt gondoln\u00e1nk, hogy ez messze van, \u00e9s csak olyan egzotikusan elmaradott orsz\u00e1gokban fordulhat el\u0151, mint Nig\u00e9ria, Pakiszt\u00e1n vagy Afganiszt\u00e1n, akkor n\u00e9zzenek csak Ukrajn\u00e1ra. Ahol jelenleg is tombol a polioj\u00e1rv\u00e1ny az alacsony oltotts\u00e1g miatt, \u00e9s m\u00e1r egy n\u00e9gy\u00e9ves gyerek \u00e9s egy t\u00edz h\u00f3napos baba is leb\u00e9nult a v\u00edrus miatt, amire gy\u00f3gym\u00f3dunk nincsen, csak megel\u0151zni lehetett volna.<\/p>\n<div class=\"newpic middle zoom tested\" style=\"text-align: justify;\" data-maxwidth=\"4096\" data-maxheight=\"2720\">\n<figure style=\"width: 644px\" class=\"wp-caption alignright\"><img loading=\"lazy\" decoding=\"async\" class=\"zoomEnabled\" src=\"http:\/\/static.origos.hu\/s\/img\/i\/1501\/201501302009-alain-le-bot-auteurs1.jpg?w=644&amp;h=322\" width=\"644\" height=\"322\" \/><figcaption class=\"wp-caption-text\">K\u00e9p\u00fcnk illusztr\u00e1ci\u00f3 Forr\u00e1s: Photononstop\/Alain Le Bot<\/figcaption><\/figure>\n<\/div>\n<p style=\"text-align: justify;\">Ezzel szemben\u00a0<span class=\"p-kiemelt\">a tudom\u00e1nyos publik\u00e1ci\u00f3k meglehet\u0151sen szigor\u00fa krit\u00e9riumrendszer teljes\u00edt\u00e9s\u00e9vel jelenhetnek meg,\u00a0<\/span>\u00e9s minden \u00e1ll\u00edt\u00e1s ellen\u0151rz\u00f6tt kell hogy legyen, \u00e9s mint a fenti t\u00e9nyekb\u0151l is l\u00e1that\u00f3, a m\u00f3dszer m\u00e9g \u00edgy sem t\u00e9vedhetetlen. Azonban pontosan a hiteless\u00e9g meg\u0151rz\u00e9se c\u00e9lj\u00e1b\u00f3l t\u00e9ved\u00e9sek eset\u00e9n legal\u00e1bb akkora publik\u00e1ci\u00f3ban sz\u00e1molnak be a hib\u00e1jukr\u00f3l, mint az eredeti k\u00f6zlem\u00e9ny volt.<\/p>\n<p style=\"text-align: justify;\">\u00c9s akkor itt \u00e9rt\u00fcnk el azokhoz az orvosokhoz, akik bor\u00edt\u00e9k\u00e9rt olt\u00e1si k\u00f6nyveket bocs\u00e1tanak ki, an\u00e9lk\u00fcl, hogy az olt\u00e1sokat beadt\u00e1k volna. A jelens\u00e9g persze nem m\u00e1s, mint a kereslet-k\u00edn\u00e1lat alapvet\u0151 k\u00f6zgazdas\u00e1gi t\u00e9tele, miszerint a kett\u0151 megpr\u00f3b\u00e1lja kiegyenl\u00edteni egym\u00e1st. Azonban ez mindamellett, hogy rendk\u00edv\u00fcl etik\u00e1tlan, m\u00e9g b\u00fcntet\u0151\u00fcgyi kateg\u00f3ria is. Ugyanis az olt\u00e1sellenes sz\u00fcl\u0151 megvesztegeti az orvost, aki maga m\u00e9g okiratot is hamis\u00edt. \u00cdgy nem lenn\u00e9k meglepve, hogy ha siker\u00fclne ezen doktorok kil\u00e9t\u00e9t meghat\u00e1rozni \u00e9s bebizony\u00edtani a fenti b\u0171n\u00f6s t\u00e9nyked\u00e9s\u00fcket, akkor nemcsak etikai, hanem b\u00fcntet\u0151 elmarasztal\u00e1suk is megt\u00f6rt\u00e9nne, \u00e9s rem\u00e9nyeim szerint ak\u00e1r hasonl\u00f3 eredm\u00e9nnyel v\u00e9gz\u0151dne, mint annak idej\u00e9n Wakefield \u00e1mokfut\u00e1sa.<\/p>\n<p style=\"text-align: justify;\">De addig is, am\u00edg h\u00f3d\u00edthat a teljesen abszurd l\u00fagos\u00edt\u00e1si divat, \u00e9s az eg\u00e9szs\u00e9gkult\u00far\u00e1nk od\u00e1ig terjed, hogy \u00f6ntudatosan k\u00f6vetelj\u00fck a v\u00edrusfert\u0151z\u00e9sre az antibiotikumot, mik\u00f6zben az utc\u00e1n \u00f6sszees\u0151 embert\u00e1rsunkkal semmit nem tudunk kezdeni, valamint mindenhonnan a legaljasabb manipul\u00e1ci\u00f3knak vagyunk kit\u00e9ve, addig ne csod\u00e1lkozzunk, ha az olt\u00e1sellenes konte\u00f3k meger\u0151s\u00f6dnek, \u00e9s a Szendi-f\u00e9l\u00e9k meggazdagodnak.<\/p>\n<p style=\"text-align: justify;\">Ebben a helyzetben jogosan mer\u00fcl fel a k\u00e9rd\u00e9s, hogy tess\u00e9k mondani, nem kellene az eg\u00e9szs\u00e9gkult\u00far\u00e1nkra hangs\u00falyt fektetni m\u00e1r az iskol\u00e1ban is, ak\u00e1r a hit- \u00e9s erk\u00f6lcstanoktat\u00e1s helyett is?<\/p>\n<p style=\"text-align: justify;\"><em>A cikk szerz\u0151je orvos, eg\u00e9szs\u00e9g\u00fcgyi szak\u00e9rt\u0151. Blogja:\u00a0<a href=\"http:\/\/rontgen.reblog.hu\/\" target=\"_blank\">http:\/\/rontgen.reblog.hu\/<\/a><\/em><\/p>\n","protected":false},"excerpt":{"rendered":"<p>Aki m\u00e1r l\u00e1tott egy\u00e9bk\u00e9nt eg\u00e9szs\u00e9ges gyereket gennyes agyh\u00e1rtyagyullad\u00e1sban szinte \u00f3r\u00e1k alatt meghalni, az nem fog gondolkodni azon a k\u00f6zkelet\u0171 t\u00e9vhiten, hogy a gyereke autista lehet az olt\u00e1sokt\u00f3l. Hasonl\u00f3an v\u00e9lekedhet az is, aki l\u00e1tott m\u00e1r embert vast\u00fcd\u0151ben, mert a poliomyelitis (polio) azaz a j\u00e1rv\u00e1nyos gyermekb\u00e9nul\u00e1s pontosan ezt okozhatja. Pedig vannak \u2013 ha szerencs\u00e9re nem is sokan (a t\u00e1rsadalom 1,5\u20132 sz\u00e1zal\u00e9ka) \u2013 olyan olt\u00e1sellenesek, akik \u00fagy hiszik, hogy az olt\u00e1sok m\u00f6g\u00f6tt a p\u00e9nz\u00e9hes h\u00e1tt\u00e9rhatalom b\u00fajik meg. \u00c9s most nagyon \u00fagy t\u0171nik, hogy orvosok is csatlakoztak az olt\u00e1sellenesek k\u00f6r\u00e9hez, hiszen a legut\u00f3bbi h\u00edrek szerint vannak olyan orvosok, akik olt\u00e1s n\u00e9lk\u00fcl \u2013 persze vaskos bor\u00edt\u00e9k ellen\u00e9ben \u2013 kiadj\u00e1k a kit\u00f6lt\u00f6tt olt\u00e1si k\u00f6nyvet. \u00cdgy t\u00e9ve lehet\u0151v\u00e9 a sz\u00fcl\u0151knek a b\u00fcntet\u00e9sek elker\u00fcl\u00e9s\u00e9t \u00e9s a gyerek felv\u00e9tel\u00e9t mindenfajta vegzat\u00fara n\u00e9lk\u00fcl a b\u00f6lcs\u0151d\u00e9be, \u00f3vod\u00e1ba, iskol\u00e1ba. Az eg\u00e9sz olt\u00e1sellenes mozgalom a kilencvenes \u00e9vek v\u00e9g\u00e9n indult el, m\u00e9gpedig \u00fagy, hogy egy Andrew Wakefield nev\u0171 csal\u00f3, aki egy\u00e9bk\u00e9nt orvos, azt \u00e1ll\u00edtotta, hogy a k\u00f6telez\u0151 MMR (kanyar\u00f3, mumpsz, rubeola) vakcina autizmust okozhat. \u00c1ll\u00edt\u00e1s\u00e1t akkor egy igen tekint\u00e9lyes orvosi foly\u00f3irat (The Lancet) is lehozta. \u00cdgy indult el a h\u00e1tt\u00e9rhatalom elleni konte\u00f3 vil\u00e1g k\u00f6r\u00fcli \u00fatj\u00e1ra. Pedig a h\u00e1tt\u00e9rhatalom ez esetben Wakefield maga volt. Hiszen\u00a0egyr\u00e9szt hamis eredm\u00e9nyeket publik\u00e1lt, m\u00e1sr\u00e9szt mindezt \u00fagy tette, hogy k\u00f6zben a saj\u00e1t kanyar\u00f3vakcin\u00e1j\u00e1t k\u00e9sz\u00edtette el\u0151 elad\u00e1sra.\u00a0R\u00e1ad\u00e1sul m\u00e9g jelent\u0151s p\u00e9nzt is elfogadott att\u00f3l az \u00fcgyv\u00e9di irod\u00e1t\u00f3l, amely az autista gyerekeket toborozta a publik\u00e1lt vizsg\u00e1lathoz egy k\u00e9s\u0151bb ind\u00edtand\u00f3 k\u00e1rt\u00e9r\u00edt\u00e9si per rem\u00e9ny\u00e9ben. Wakefield kreativit\u00e1s\u00e1t mi sem bizony\u00edtja jobban, mint hogy k\u00e9pes volt a saj\u00e1t gyerek\u00e9nek a sz\u00fclet\u00e9snapi partij\u00e1n a megh\u00edvott vend\u00e9g gyerekekt\u0151l fejenk\u00e9nt 5 font\u00e9rt v\u00e9rmint\u00e1kat gy\u0171jteni a m\u00e1r eml\u00edtett vizsg\u00e1lat\u00e1hoz, nyilv\u00e1n ezzel az\u00e9rt j\u00f3l sz\u00e9ttrollkodva a bulit. Persze\u00a0k\u00e9s\u0151bb az eg\u00e9sz tudom\u00e1nyos vil\u00e1g elhat\u00e1rol\u00f3dott Wakefield publik\u00e1ci\u00f3j\u00e1t\u00f3l, \u00e9s a Lancet is beismerte hib\u00e1j\u00e1t.\u00a0Wakefield pedig, miut\u00e1n Angli\u00e1ban kir\u00fagt\u00e1k az ottani orvosi kamar\u00e1b\u00f3l etik\u00e1tlan viselked\u00e9se miatt, Amerik\u00e1ba emigr\u00e1lt, ahol enged\u00e9ly n\u00e9lk\u00fcl praktiz\u00e1l, \u00e1ll\u00edt\u00f3lag jelenleg is. Ennek ellen\u00e9re sajnos a manipul\u00e1ci\u00f3ja mind a mai napig vel\u00fcnk \u00e9l, \u00e9s ennek k\u00f6sz\u00f6nhetj\u00fck azt az 1-2 sz\u00e1zal\u00e9knyi konte\u00f3h\u00edv\u0151t, akik szerint a k\u00f6telez\u0151 olt\u00e1sok nem m\u00e1s c\u00e9lt szolg\u00e1lnak, mint a gy\u00f3gyszeripar profitmaximaliz\u00e1l\u00e1s\u00e1t, mik\u00f6zben feleslegesen vesz\u00e9lyeztetik a gyerekeket, ak\u00e1r autizmust is okozva a felesleges v\u00e9d\u0151olt\u00e1ssal. Az igazs\u00e1g azonban az, hogy b\u00e1r m\u00e9g mindig nem tudjuk, hogy mi okozza az autizmust, azt\u00a0kiz\u00e1rhatjuk, hogy az MMR vakcina \u00e9s az autizmus kialakul\u00e1sa k\u00f6z\u00f6tt \u00f6sszef\u00fcgg\u00e9s lenne.\u00a0Igen, persze meggy\u0151z\u0151 \u00e9rv lehetne, hogy az autist\u00e1k sz\u00e1ma \u00e9vr\u0151l \u00e9vre n\u00f6vekszik, \u00e9s ennek a v\u00e9d\u0151olt\u00e1sok az okai. Azonban az autist\u00e1k sz\u00e1ma olyan orsz\u00e1gokban is n\u00f6vekszik, ahol nem oltanak MMR vakcin\u00e1val, mint p\u00e9ld\u00e1ul Jap\u00e1nban. R\u00e1ad\u00e1sul az autist\u00e1k sz\u00e1m\u00e1nak n\u00f6veked\u00e9se m\u00f6g\u00f6tt az is \u00e1llhat, hogy az ut\u00f3bbi \u00e9vekben nagyon megv\u00e1ltoztak a diagnosztikus krit\u00e9riumok \u00e9s lehet\u0151s\u00e9gek is, valamint a sz\u00fcl\u0151k is egyre k\u00e9pzettebbek ebben a t\u00e9m\u00e1ban, \u00edgy val\u00f3sz\u00edn\u0171leg egyre finomabb m\u00f3dszerekkel ismeri fel az orvostudom\u00e1ny az autista gyerekeket, \u00e9s az eddig nem autistak\u00e9nt kezeltek is ebbe a csoportba ker\u00fclnek. Azaz a sz\u00e1mok emelked\u00e9se nem jelent val\u00f3s n\u00f6veked\u00e9st, csak jobb diagnosztik\u00e1t, t\u00f6bb felismer\u00e9st. A m\u00e1sik gyakori konte\u00f3 szerint a v\u00e9d\u0151olt\u00e1sok beavatkoznak az immunrendszer term\u00e9szetes m\u0171k\u00f6d\u00e9s\u00e9be. Nos, azoknak, akik \u00edgy gondolj\u00e1k, \u00fczenem, hogy az eg\u00e9sz orvostudom\u00e1ny ezt teszi: valamibe beleavatkozik az\u00e9rt, hogy az emberi \u00e9letet megny\u00fajtsa, vagy a szenved\u00e9seket cs\u00f6kkentse. Aki ezt a beavatkoz\u00e1st nehezm\u00e9nyezi, k\u00e9rem, sz\u00edveskedj\u00e9k meghalni egy t\u0171sz\u00far\u00e1st k\u00f6vet\u0151 v\u00e9rm\u00e9rgez\u00e9sben, \u00e9s a v\u00edrusos l\u00e9g\u00fati fert\u0151z\u00e9s\u00e9re se \u00edrasson fel antibiotikumot. Hogy a v\u00e9d\u0151olt\u00e1sokra sz\u00fcks\u00e9g\u00fcnk van, az nem k\u00e9rd\u00e9s.\u00a0Azon lehet vitatkozni, hogy egy-egy orsz\u00e1gban mi a k\u00f6telez\u0151, de azon nem, hogy sz\u00fcks\u00e9gesek-e. Kev\u00e9s olyan helyzetet tudok elk\u00e9pzelni, ahol az egy\u00e9n szabads\u00e1gjogait jelent\u0151sen korl\u00e1tozni lehet, az egyik ilyen a j\u00e1rv\u00e1ny\u00fcgy. Ugyanis itt nemcsak az egy\u00e9nr\u0151l van sz\u00f3, hanem a t\u00e1gabb k\u00f6z\u00f6ss\u00e9g megv\u00e9d\u00e9s\u00e9r\u0151l is, \u00edgy itt ebben a helyzetben az egy\u00e9n szabads\u00e1ga al\u00e1 kell, hogy rendel\u0151dj\u00f6n a k\u00f6z\u00f6ss\u00e9g \u00e9rdek\u00e9nek. M\u00e1rpedig senki sem akar id\u0151 el\u0151tt meghalni. Ez\u00e9rt \u2013 mint a nev\u00e9ben is viccesen el van rejtve \u2013 k\u00f6telez\u0151 n\u00e9h\u00e1ny v\u00e9d\u0151olt\u00e1s. Ezzel\u00a0nemcsak magunkat v\u00e9dj\u00fck a betegs\u00e9gekkel szemben, hanem az olyan t\u00e1rsainkat is, akik valamilyen okb\u00f3l kifoly\u00f3lag nem olthat\u00f3k,\u00a0\u00edgy sebezhet\u0151ek (p\u00e9ld\u00e1ul allergi\u00e1sak az olt\u00f3anyagra, vagy m\u00e9g csecsem\u0151koruk miatt nem olthat\u00f3k). \u00a0Komoly probl\u00e9ma akkor alakul ki, ha a t\u00e1rsadalom egy r\u00e9sze v\u00e9dtelenn\u00e9 v\u00e1lik az olt\u00e1sok elmarad\u00e1sa miatt a k\u00f3rokoz\u00f3kkal szemben. Mert akkor nyilv\u00e1nval\u00f3an azok, akik nem oltottak, j\u00f3 es\u00e9llyel meg is betegednek, egy r\u00e9sz\u00fck pedig meg is hal, mint p\u00e9ld\u00e1ul alig egy h\u00f3napja Rom\u00e1ni\u00e1ban, ahol h\u00e1rom kisgyerek halt meg kanyar\u00f3j\u00e1rv\u00e1nyban, ami az olt\u00e1selleness\u00e9g miatt t\u00f6rhetett ki. De a megbeteged\u00e9seket is valahogy kezelni kell majd, aminek v\u00e9g\u00fcl az lesz az eredm\u00e9nye, hogy elkezd\u0151dik az a rabl\u00f3-pand\u00far j\u00e1t\u00e9k, amit most is j\u00e1tszunk az antibiotikumok ter\u00e9n. Azaz egy bakt\u00e9riumfert\u0151z\u00e9sre kifejleszt\u00fcnk egy antibiotikumot, amire a bakt\u00e9rium kifejleszt egy, az \u00faj antibiotikumnak ellen\u00e1ll\u00f3 t\u00f6rzset, \u00e9s \u00edgy tov\u00e1bb, \u00e9s \u00edgy tov\u00e1bb. Egy biztos, hogy\u00a0\u00edgy rengeteg olyan embert\u00e1rsunk fog meghalni \u2013 k\u00f6zt\u00fck gyerekek is \u2013, akiket meg lehetett volna menteni.\u00a0Ez\u00e9rt ebben a helyzetben fontos a z\u00e9r\u00f3k\u00f6zeli tolerancia, \u00e9s a t\u00f6rekv\u00e9s a min\u00e9l teljesebb oltotts\u00e1g el\u00e9r\u00e9s\u00e9re, ak\u00e1r a m\u00e1r fent eml\u00edtett szabads\u00e1gjogok terh\u00e9re is. A WHO adatai szerint egy\u00e9bk\u00e9nt vil\u00e1gszerte azon orsz\u00e1gokban tombol szinte \u00e1lland\u00f3an kanyar\u00f3j\u00e1rv\u00e1ny, ahol az immuniz\u00e1l\u00e1s, azaz az \u00e1toltotts\u00e1g alacsony. Ha azt gondoln\u00e1nk, hogy ez messze van, \u00e9s csak olyan egzotikusan elmaradott orsz\u00e1gokban fordulhat el\u0151, mint Nig\u00e9ria, Pakiszt\u00e1n vagy Afganiszt\u00e1n, akkor n\u00e9zzenek csak Ukrajn\u00e1ra. Ahol jelenleg is tombol a polioj\u00e1rv\u00e1ny az alacsony oltotts\u00e1g miatt, \u00e9s m\u00e1r egy n\u00e9gy\u00e9ves gyerek \u00e9s egy t\u00edz h\u00f3napos baba is leb\u00e9nult a v\u00edrus miatt, amire gy\u00f3gym\u00f3dunk nincsen, csak megel\u0151zni lehetett volna. Ezzel szemben\u00a0a tudom\u00e1nyos publik\u00e1ci\u00f3k meglehet\u0151sen szigor\u00fa krit\u00e9riumrendszer teljes\u00edt\u00e9s\u00e9vel jelenhetnek meg,\u00a0\u00e9s minden \u00e1ll\u00edt\u00e1s ellen\u0151rz\u00f6tt kell hogy legyen, \u00e9s mint a fenti t\u00e9nyekb\u0151l is l\u00e1that\u00f3, a m\u00f3dszer m\u00e9g \u00edgy sem t\u00e9vedhetetlen. Azonban pontosan a hiteless\u00e9g meg\u0151rz\u00e9se c\u00e9lj\u00e1b\u00f3l t\u00e9ved\u00e9sek eset\u00e9n legal\u00e1bb akkora publik\u00e1ci\u00f3ban sz\u00e1molnak be a hib\u00e1jukr\u00f3l, mint az eredeti k\u00f6zlem\u00e9ny volt. \u00c9s akkor itt \u00e9rt\u00fcnk el azokhoz az orvosokhoz, akik bor\u00edt\u00e9k\u00e9rt olt\u00e1si k\u00f6nyveket bocs\u00e1tanak ki, an\u00e9lk\u00fcl, hogy az olt\u00e1sokat beadt\u00e1k volna. A jelens\u00e9g persze nem m\u00e1s, mint a kereslet-k\u00edn\u00e1lat alapvet\u0151 k\u00f6zgazdas\u00e1gi t\u00e9tele, miszerint a kett\u0151 megpr\u00f3b\u00e1lja kiegyenl\u00edteni egym\u00e1st. Azonban ez mindamellett, hogy rendk\u00edv\u00fcl etik\u00e1tlan, m\u00e9g b\u00fcntet\u0151\u00fcgyi kateg\u00f3ria is. Ugyanis az olt\u00e1sellenes sz\u00fcl\u0151 megvesztegeti az orvost, aki maga m\u00e9g okiratot is hamis\u00edt. \u00cdgy nem lenn\u00e9k meglepve, hogy ha siker\u00fclne ezen doktorok kil\u00e9t\u00e9t meghat\u00e1rozni \u00e9s bebizony\u00edtani a fenti b\u0171n\u00f6s t\u00e9nyked\u00e9s\u00fcket, akkor nemcsak etikai, hanem b\u00fcntet\u0151 elmarasztal\u00e1suk is megt\u00f6rt\u00e9nne, \u00e9s rem\u00e9nyeim szerint ak\u00e1r hasonl\u00f3 eredm\u00e9nnyel v\u00e9gz\u0151dne, mint annak idej\u00e9n Wakefield \u00e1mokfut\u00e1sa. De addig is, am\u00edg h\u00f3d\u00edthat a teljesen abszurd l\u00fagos\u00edt\u00e1si divat, \u00e9s az eg\u00e9szs\u00e9gkult\u00far\u00e1nk od\u00e1ig terjed, hogy \u00f6ntudatosan k\u00f6vetelj\u00fck a v\u00edrusfert\u0151z\u00e9sre az antibiotikumot, mik\u00f6zben az utc\u00e1n \u00f6sszees\u0151 embert\u00e1rsunkkal semmit nem tudunk kezdeni, valamint mindenhonnan a legaljasabb manipul\u00e1ci\u00f3knak vagyunk kit\u00e9ve, addig ne csod\u00e1lkozzunk, ha az olt\u00e1sellenes konte\u00f3k meger\u0151s\u00f6dnek, \u00e9s a Szendi-f\u00e9l\u00e9k meggazdagodnak. Ebben a helyzetben jogosan mer\u00fcl fel a k\u00e9rd\u00e9s, hogy tess\u00e9k mondani, nem kellene az eg\u00e9szs\u00e9gkult\u00far\u00e1nkra hangs\u00falyt fektetni m\u00e1r az iskol\u00e1ban is, ak\u00e1r a hit- \u00e9s erk\u00f6lcstanoktat\u00e1s helyett is? A cikk szerz\u0151je orvos, eg\u00e9szs\u00e9g\u00fcgyi szak\u00e9rt\u0151. Blogja:\u00a0http:\/\/rontgen.reblog.hu\/<\/p>\n","protected":false},"author":1,"featured_media":0,"comment_status":"open","ping_status":"open","sticky":false,"template":"","format":"standard","meta":{"_monsterinsights_skip_tracking":false,"_monsterinsights_sitenote_active":false,"_monsterinsights_sitenote_note":"","_monsterinsights_sitenote_category":0,"footnotes":""},"categories":[23],"tags":[],"class_list":["post-689","post","type-post","status-publish","format-standard","hentry","category-legfrissebb-hireink"],"_links":{"self":[{"href":"http:\/\/vedettseg.hu\/wordpress\/wp-json\/wp\/v2\/posts\/689","targetHints":{"allow":["GET"]}}],"collection":[{"href":"http:\/\/vedettseg.hu\/wordpress\/wp-json\/wp\/v2\/posts"}],"about":[{"href":"http:\/\/vedettseg.hu\/wordpress\/wp-json\/wp\/v2\/types\/post"}],"author":[{"embeddable":true,"href":"http:\/\/vedettseg.hu\/wordpress\/wp-json\/wp\/v2\/users\/1"}],"replies":[{"embeddable":true,"href":"http:\/\/vedettseg.hu\/wordpress\/wp-json\/wp\/v2\/comments?post=689"}],"version-history":[{"count":7,"href":"http:\/\/vedettseg.hu\/wordpress\/wp-json\/wp\/v2\/posts\/689\/revisions"}],"predecessor-version":[{"id":697,"href":"http:\/\/vedettseg.hu\/wordpress\/wp-json\/wp\/v2\/posts\/689\/revisions\/697"}],"wp:attachment":[{"href":"http:\/\/vedettseg.hu\/wordpress\/wp-json\/wp\/v2\/media?parent=689"}],"wp:term":[{"taxonomy":"category","embeddable":true,"href":"http:\/\/vedettseg.hu\/wordpress\/wp-json\/wp\/v2\/categories?post=689"},{"taxonomy":"post_tag","embeddable":true,"href":"http:\/\/vedettseg.hu\/wordpress\/wp-json\/wp\/v2\/tags?post=689"}],"curies":[{"name":"wp","href":"https:\/\/api.w.org\/{rel}","templated":true}]}}